{"id":1842,"date":"2022-09-10T17:34:08","date_gmt":"2022-09-10T15:34:08","guid":{"rendered":"https:\/\/dev.f--s.fr\/magicalcafe\/pranatales-yoga\/"},"modified":"2024-04-24T09:45:29","modified_gmt":"2024-04-24T07:45:29","slug":"pranatales-yoga","status":"publish","type":"post","link":"https:\/\/magicalcafe.ch\/de\/pranatales-yoga\/","title":{"rendered":"Pr\u00e4natales Yoga"},"content":{"rendered":"<p><strong><span lang=\"en-US\"><img fetchpriority=\"high\" decoding=\"async\" class=\"size-full wp-image-1291 alignright\" src=\"https:\/\/magicalcafe.ch\/wp-content\/uploads\/2022\/09\/prenatal-yoga-magical-cafe-w.jpg\" alt=\"\" width=\"350\" height=\"350\" srcset=\"https:\/\/magicalcafe.ch\/wp-content\/uploads\/2022\/09\/prenatal-yoga-magical-cafe-w.jpg 350w, https:\/\/magicalcafe.ch\/wp-content\/uploads\/2022\/09\/prenatal-yoga-magical-cafe-w-150x150.jpg 150w, https:\/\/magicalcafe.ch\/wp-content\/uploads\/2022\/09\/prenatal-yoga-magical-cafe-w-300x300.jpg 300w\" sizes=\"(max-width: 350px) 100vw, 350px\" \/><\/span><\/strong><\/p>\n<div class=\"l7ghb35v kjdc1dyq kmwttqpk gh25dzvf jikcssrz n3t5jt4f\">\n<div dir=\"auto\"><strong>Pr\u00e4natales Yoga ist eine einzigartige Praxis, die es Ihnen erm\u00f6glicht, sich achtsam mit Ihrem Baby zu verbinden und die Kr\u00e4fte Ihres eigenen Mama-K\u00f6rpers zu bewundern.<\/strong><\/div>\n<div dir=\"auto\"><\/div>\n<div dir=\"auto\">Pr\u00e4natales Yoga hilft auch dabei, die \u00fcblichen Schwangerschaftsbeschwerden durch speziell f\u00fcr das zweite und dritte Trimester entwickelte Sequenzen zu lindern, begleitet von bewusster Atmung.<\/div>\n<div dir=\"auto\"><\/div>\n<\/div>\n<div class=\"l7ghb35v kjdc1dyq kmwttqpk gh25dzvf jikcssrz n3t5jt4f\">\n<div dir=\"auto\">Vor allem aber bringt Sie Pr\u00e4natal-Yoga aus dem Stress und L\u00e4rm des Alltags zur\u00fcck in einen Raum, in dem Sie sich mit dem Wunder der Entstehung und Erhaltung eines neuen Lebens in Ihrem Inneren verbinden k\u00f6nnen. Vielleicht haben Sie einen stressigen Job, oder Sie haben noch ein oder zwei andere kleine Kinder zu Hause&#8230; oder beides! Dies ist der Raum, um Kraft und Flexibilit\u00e4t aufzubauen, Energie zu tanken und sich zu entspannen und wirklich auszuruhen.<\/div>\n<\/div>\n<div dir=\"auto\"><\/div>\n<div class=\"l7ghb35v kjdc1dyq kmwttqpk gh25dzvf jikcssrz n3t5jt4f\">\n<div dir=\"auto\">Dieser Kurs wird von Amancaya &amp; Lara geleitet. Mehr Informationen auf <a class=\"qi72231t nu7423ey n3hqoq4p r86q59rh b3qcqh3k fq87ekyn bdao358l fsf7x5fv rse6dlih s5oniofx m8h3af8h l7ghb35v kjdc1dyq kmwttqpk srn514ro oxkhqvkx rl78xhln nch0832m cr00lzj9 rn8ck1ys s3jn8y49 icdlwmnq cxfqmxzd ezidihy3\" tabindex=\"0\" href=\"https:\/\/l.facebook.com\/l.php?u=https%3A%2F%2Fwww.laramgomez.com%2Fyoga%3Ffbclid%3DIwAR2zNKW5HwPrBoFIvEsnIQPZrcaBWvKzHSEh_roQRKhfZgXFhS2Hl5c1u3k&amp;h=AT3u1QdnNvw5RsjRApfqX08Rl1E4-4F6ketcrFwcZfS0VSgn8LwYog_qsGKMNqjUDSJmF1EyWGThSlti590tXFfZV-ZIqx-bO_9Tziaa3z59euBefrwBZVXW0pnX04FmYw&amp;__tn__=-UK-R&amp;c%5B0%5D=AT0fPV7Fw3AhAIV8dKE3ju3MqV7sDQ1OH4ND4_uia_lF1IWK8iaQfZ_S7hEevHQrjcpqz1Li4GvoNQO14VFni4Afz2sVEQ83ns5YTPuQKvSYcZF_m7SN0byd9cCQWa29keoB6AMOLIt5xSTieIX9j-UugK3WxM_d1aJmiKbUy6QemeXoF_5myPifkqcRo2eAPXrSF2HNOQ\" target=\"_blank\" rel=\"nofollow noopener noreferrer\">www.laramgomez.com\/yoga<\/a><\/div>\n<\/div>\n<div class=\"l7ghb35v kjdc1dyq kmwttqpk gh25dzvf jikcssrz n3t5jt4f\"><\/div>\n<h3>Praktische Infos<\/h3>\n<p>\u27a1\ufe0f Dienstags von 12:15 bis 13:15 Uhr im Magical Cafe (Basel).<\/p>\n<p>\u27a1\ufe0f <span lang=\"en-US\">F\u00fcr weitere Informationen und um sich anzumelden, kontaktieren Sie Amancaya oder Lara per Whatsapp: Amancaya &#8211; 078 949 1369 \/ Lara &#8211; 079 319 8831<br \/>\n<\/span><\/p>\n","protected":false},"excerpt":{"rendered":"<p>Pr\u00e4natales Yoga ist eine einzigartige Praxis, die es Ihnen erm\u00f6glicht, sich achtsam mit Ihrem Baby zu verbinden und die Kr\u00e4fte Ihres eigenen Mama-K\u00f6rpers zu bewundern. Pr\u00e4natales Yoga hilft auch dabei, die \u00fcblichen Schwangerschaftsbeschwerden durch speziell f\u00fcr das zweite und dritte Trimester entwickelte Sequenzen zu lindern, begleitet von bewusster Atmung. Vor allem aber bringt Sie Pr\u00e4natal-Yoga [&hellip;]<\/p>\n","protected":false},"author":1,"featured_media":0,"comment_status":"closed","ping_status":"open","sticky":false,"template":"","format":"standard","meta":{"footnotes":""},"categories":[7],"tags":[],"class_list":["post-1842","post","type-post","status-publish","format-standard","hentry","category-unkategorisiert"],"_links":{"self":[{"href":"https:\/\/magicalcafe.ch\/de\/wp-json\/wp\/v2\/posts\/1842","targetHints":{"allow":["GET"]}}],"collection":[{"href":"https:\/\/magicalcafe.ch\/de\/wp-json\/wp\/v2\/posts"}],"about":[{"href":"https:\/\/magicalcafe.ch\/de\/wp-json\/wp\/v2\/types\/post"}],"author":[{"embeddable":true,"href":"https:\/\/magicalcafe.ch\/de\/wp-json\/wp\/v2\/users\/1"}],"replies":[{"embeddable":true,"href":"https:\/\/magicalcafe.ch\/de\/wp-json\/wp\/v2\/comments?post=1842"}],"version-history":[{"count":1,"href":"https:\/\/magicalcafe.ch\/de\/wp-json\/wp\/v2\/posts\/1842\/revisions"}],"predecessor-version":[{"id":1844,"href":"https:\/\/magicalcafe.ch\/de\/wp-json\/wp\/v2\/posts\/1842\/revisions\/1844"}],"wp:attachment":[{"href":"https:\/\/magicalcafe.ch\/de\/wp-json\/wp\/v2\/media?parent=1842"}],"wp:term":[{"taxonomy":"category","embeddable":true,"href":"https:\/\/magicalcafe.ch\/de\/wp-json\/wp\/v2\/categories?post=1842"},{"taxonomy":"post_tag","embeddable":true,"href":"https:\/\/magicalcafe.ch\/de\/wp-json\/wp\/v2\/tags?post=1842"}],"curies":[{"name":"wp","href":"https:\/\/api.w.org\/{rel}","templated":true}]}}